{"id":53159,"date":"2025-02-28T06:05:00","date_gmt":"2025-02-28T05:05:00","guid":{"rendered":"https:\/\/tuftingeurope.com\/nachrichten\/charlie-serotoffs-exploration-of-depth-and-perception\/"},"modified":"2025-03-19T10:37:51","modified_gmt":"2025-03-19T09:37:51","slug":"charlie-serotoffs-exploration-of-depth-and-perception","status":"publish","type":"post","link":"https:\/\/tuftingeurope.com\/de\/teppich-der-woche\/charlie-serotoffs-exploration-of-depth-and-perception\/","title":{"rendered":"Charlie Serotoffs Erforschung von Tiefe und Wahrnehmung"},"content":{"rendered":"\n<p>Der diese Woche vorgestellte tufting-K\u00fcnstler ist Charlie Serotoff, ein 40-j\u00e4hriger Textilk\u00fcnstler mit Sitz in New York City. Besuchen Sie Charlies Instagram <a href=\"https:\/\/www.instagram.com\/charliethetuna1\/\" target=\"_blank\" rel=\"noopener\">@charliethetuna1<\/a> und seine Website <a href=\"https:\/\/www.rugsofreflection.com\/\" target=\"_blank\" rel=\"noopener\"><span style=\"text-decoration: underline;\">Rugs of Reflection<\/span><\/a>. <\/p>\n\n<p>Tags\u00fcber arbeitet Charlie im Technologiesektor, doch in seiner Freizeit taucht er in die Welt des Teppichkn\u00fcpfens ein und nutzt tufting als Mittel zur Verarbeitung von Emotionen und zur Erforschung der Komplexit\u00e4t menschlicher Verbindungen.<\/p>\n\n<h3 class=\"wp-block-heading\"><strong>Vom ersten Workshop zur vollst\u00e4ndigen Immersion<\/strong><\/h3>\n\n<p>Charlies Reise in die Welt des tufting begann im November 2023 mit einem einfachen Workshop. <em>&#8220;Ich war sofort fasziniert,&#8221;<\/em> erinnert er sich. Heute mietet er Atelierr\u00e4ume, um gr\u00f6\u00dfere, komplexere Teppiche zu kreieren und seine Erfahrungen und Emotionen in jedes St\u00fcck einflie\u00dfen zu lassen. <\/p>\n\n<p><em>&#8220;Was mich am meisten fesselt, ist, wie tufting mich in einen Zustand des Flows versetzt. Die Zeit verschwindet, w\u00e4hrend ich Gef\u00fchle und Konzepte in Wolle und Farbe \u00fcbersetze, eine Linie nach der anderen.&#8221; <\/em><\/p>\n\n<figure class=\"wp-block-gallery has-nested-images columns-default is-cropped wp-block-gallery-1 is-layout-flex wp-block-gallery-is-layout-flex\">\n<figure class=\"wp-block-image size-large\"><img fetchpriority=\"high\" decoding=\"async\" width=\"833\" height=\"1024\" data-id=\"52012\" src=\"https:\/\/tuftingeurope.com\/wp-content\/uploads\/2025\/02\/IMG_2916-11a7af9ce660c7c37ec6ceead37bbc67-833x1024.jpg\" alt=\"\" class=\"wp-image-52012\" title=\"\" srcset=\"https:\/\/tuftingeurope.com\/wp-content\/uploads\/2025\/02\/IMG_2916-11a7af9ce660c7c37ec6ceead37bbc67-833x1024.jpg 833w, https:\/\/tuftingeurope.com\/wp-content\/uploads\/2025\/02\/IMG_2916-11a7af9ce660c7c37ec6ceead37bbc67-244x300.jpg 244w, https:\/\/tuftingeurope.com\/wp-content\/uploads\/2025\/02\/IMG_2916-11a7af9ce660c7c37ec6ceead37bbc67-768x944.jpg 768w, https:\/\/tuftingeurope.com\/wp-content\/uploads\/2025\/02\/IMG_2916-11a7af9ce660c7c37ec6ceead37bbc67-1250x1536.jpg 1250w, https:\/\/tuftingeurope.com\/wp-content\/uploads\/2025\/02\/IMG_2916-11a7af9ce660c7c37ec6ceead37bbc67-1667x2048.jpg 1667w, https:\/\/tuftingeurope.com\/wp-content\/uploads\/2025\/02\/IMG_2916-11a7af9ce660c7c37ec6ceead37bbc67-1000x1229.jpg 1000w, https:\/\/tuftingeurope.com\/wp-content\/uploads\/2025\/02\/IMG_2916-11a7af9ce660c7c37ec6ceead37bbc67-407x500.jpg 407w\" sizes=\"(max-width: 833px) 100vw, 833px\" \/><figcaption><\/figcaption><\/figure>\n\n\n\n<figure class=\"wp-block-image size-large\"><img decoding=\"async\" width=\"768\" height=\"1024\" data-id=\"52019\" src=\"https:\/\/tuftingeurope.com\/wp-content\/uploads\/2025\/02\/IMG_2911-f0c8cb8d5fac4c8c30cc6f94439f0ac5-768x1024.jpg\" alt=\"\" class=\"wp-image-52019\" title=\"\" srcset=\"https:\/\/tuftingeurope.com\/wp-content\/uploads\/2025\/02\/IMG_2911-f0c8cb8d5fac4c8c30cc6f94439f0ac5-768x1024.jpg 768w, https:\/\/tuftingeurope.com\/wp-content\/uploads\/2025\/02\/IMG_2911-f0c8cb8d5fac4c8c30cc6f94439f0ac5-225x300.jpg 225w, https:\/\/tuftingeurope.com\/wp-content\/uploads\/2025\/02\/IMG_2911-f0c8cb8d5fac4c8c30cc6f94439f0ac5-1152x1536.jpg 1152w, https:\/\/tuftingeurope.com\/wp-content\/uploads\/2025\/02\/IMG_2911-f0c8cb8d5fac4c8c30cc6f94439f0ac5-1536x2048.jpg 1536w, https:\/\/tuftingeurope.com\/wp-content\/uploads\/2025\/02\/IMG_2911-f0c8cb8d5fac4c8c30cc6f94439f0ac5-1000x1333.jpg 1000w, https:\/\/tuftingeurope.com\/wp-content\/uploads\/2025\/02\/IMG_2911-f0c8cb8d5fac4c8c30cc6f94439f0ac5-375x500.jpg 375w, https:\/\/tuftingeurope.com\/wp-content\/uploads\/2025\/02\/IMG_2911-f0c8cb8d5fac4c8c30cc6f94439f0ac5-scaled.jpg 1920w\" sizes=\"(max-width: 768px) 100vw, 768px\" \/><figcaption><\/figcaption><\/figure>\n\n\n\n<figure class=\"wp-block-image size-large\"><img decoding=\"async\" width=\"791\" height=\"1024\" data-id=\"51998\" src=\"https:\/\/tuftingeurope.com\/wp-content\/uploads\/2025\/02\/IMG_2951-2-d52dfa980bf57855ffe89f8dbef1f51a-791x1024.jpg\" alt=\"\" class=\"wp-image-51998\" title=\"\" srcset=\"https:\/\/tuftingeurope.com\/wp-content\/uploads\/2025\/02\/IMG_2951-2-d52dfa980bf57855ffe89f8dbef1f51a-791x1024.jpg 791w, https:\/\/tuftingeurope.com\/wp-content\/uploads\/2025\/02\/IMG_2951-2-d52dfa980bf57855ffe89f8dbef1f51a-232x300.jpg 232w, https:\/\/tuftingeurope.com\/wp-content\/uploads\/2025\/02\/IMG_2951-2-d52dfa980bf57855ffe89f8dbef1f51a-768x994.jpg 768w, https:\/\/tuftingeurope.com\/wp-content\/uploads\/2025\/02\/IMG_2951-2-d52dfa980bf57855ffe89f8dbef1f51a-1187x1536.jpg 1187w, https:\/\/tuftingeurope.com\/wp-content\/uploads\/2025\/02\/IMG_2951-2-d52dfa980bf57855ffe89f8dbef1f51a-1583x2048.jpg 1583w, https:\/\/tuftingeurope.com\/wp-content\/uploads\/2025\/02\/IMG_2951-2-d52dfa980bf57855ffe89f8dbef1f51a-1000x1294.jpg 1000w, https:\/\/tuftingeurope.com\/wp-content\/uploads\/2025\/02\/IMG_2951-2-d52dfa980bf57855ffe89f8dbef1f51a-386x500.jpg 386w, https:\/\/tuftingeurope.com\/wp-content\/uploads\/2025\/02\/IMG_2951-2-d52dfa980bf57855ffe89f8dbef1f51a-scaled.jpg 1979w\" sizes=\"(max-width: 791px) 100vw, 791px\" \/><figcaption><\/figcaption><\/figure>\n<\/figure>\n\n<h3 class=\"wp-block-heading\"><strong>Die Bedeutung hinter &#8220;Sonder&#8221;<\/strong><\/h3>\n\n<p>Der Teppich, den Charlie diese Woche mit uns teilt, ist inspiriert vom Konzept des &#8220;Sonder&#8221; &#8211; der Erkenntnis, dass jede Person, an der man vorbeigeht, sei es ein Fremder, ein Kellner oder ein Barista, ein Leben f\u00fchrt, das genauso komplex und kompliziert ist wie das eigene.<\/p>\n\n<p><em>&#8220;Es ist eine surreale und bizarre Empfindung &#8211; dass man tats\u00e4chlich nie etwas \u00fcber fast jeden wissen wird, dem man auf der Stra\u00dfe begegnet. Die schiere Menge an Wissen, Erfahrung und Verbindungen, die in jedem kleinen singul\u00e4ren Universum der individuellen Lebenserfahrung schwebt, erscheint einfach \u00fcberw\u00e4ltigend.&#8221;<\/em><\/p>\n\n<p>Die Schwarz-Wei\u00df-Palette des Teppichs spiegelt die Oberfl\u00e4chlichkeit erster Eindr\u00fccke wider, wie wir andere oft nur als fl\u00fcchtige Gestalten wahrnehmen. Doch die flie\u00dfenden Linien und der subtile 3D-Effekt laden zu einem genaueren Hinsehen ein &#8211; ganz wie bei einer echten menschlichen Verbindung. <\/p>\n\n<p><em>&#8220;Das Gesicht im Zentrum erfasst diese Spannung zwischen Oberfl\u00e4che und Tiefe. Die flie\u00dfenden Linien l\u00f6sen sich im Hintergrund auf&#8230; die Leben der Menschen kreuzen und verweben sich miteinander, oft unbemerkt und ohne bleibenden Eindruck.&#8221;<\/em><\/p>\n\n<p>F\u00fcr Charlie ist dieser Teppich eine Erinnerung an die verborgene Tiefe in der Geschichte eines jeden Menschen, ein Aufruf, mehr wahrzunehmen und \u00fcber das unmittelbar Sichtbare hinauszublicken.<\/p>\n\n<figure class=\"wp-block-video\"><video height=\"1920\" style=\"aspect-ratio: 1080 \/ 1920;\" width=\"1080\" controls=\"\" src=\"https:\/\/tuftingeurope.com\/wp-content\/uploads\/2025\/02\/IMG_2954-c65e3d7ac95b2630adffceb5f04154f0.mov\"><\/video><\/figure>\n\n<h3 class=\"wp-block-heading\"><strong>Der kreative Prozess<\/strong><\/h3>\n\n<p>Die Realisierung dieses Teppichs nahm etwa 25 Stunden vom Entwurf \u00fcber tufting, Verkleben und Schnitzen in Anspruch. Eine der gr\u00f6\u00dften Herausforderungen? Die Farbauswahl.  <\/p>\n\n<p><em>&#8220;Ich bin teilweise farbenblind, daher habe ich gro\u00dfe Schwierigkeiten, die richtigen Farben auszuw\u00e4hlen, insbesondere f\u00fcr Farbverl\u00e4ufe. Anf\u00e4nglich w\u00e4hlte ich Gr\u00fcnt\u00f6ne statt Graut\u00f6ne, aber ein Freund half mir, die richtigen zu finden.&#8221;<\/em><\/p>\n\n<p>Charlie verwendete Acrylgarn f\u00fcr das St\u00fcck und, w\u00fcrde er es erneut tuften, w\u00fcrde er in Erw\u00e4gung ziehen, das Design geringf\u00fcgig zu vereinfachen, indem er die Anzahl der Graut\u00f6ne reduziert.<\/p>\n\n\n  \n    <div id=\"row-376458276\" class=\"row large-columns-3 medium-columns-1 small-columns-1 row-masonry\" data-packery-options='{\"itemSelector\": \".col\", \"gutter\": 0, \"presentageWidth\" : true}'>\n\n  <div class=\"col post-item\" >\n\t\t\t<div class=\"col-inner\">\n\t\t\t\t<div class=\"box box-normal box-text-bottom box-blog-post has-hover\">\n            \t\t\t\t\t<div class=\"box-image\" >\n  \t\t\t\t\t\t<div class=\"image-cover\" style=\"padding-top:56.25%;\">\n\t\t\t\t\t\t\t<a href=\"https:\/\/tuftingeurope.com\/de\/teppich-der-woche\/therugdealers-tufted-porsche-three-years-in-the-making\/\" class=\"plain\" aria-label=\"Der getuftete Porsche von TheRugDealer, eine dreij\u00e4hrige Arbeit\">\n\t\t\t\t\t\t\t\t<img loading=\"lazy\" decoding=\"async\" width=\"300\" height=\"169\" src=\"https:\/\/tuftingeurope.com\/wp-content\/uploads\/2025\/11\/the-rug-dealer-porsche-tufted-tufting-rug-car-300x169.jpg\" class=\"attachment-medium size-medium wp-post-image\" alt=\"\" srcset=\"https:\/\/tuftingeurope.com\/wp-content\/uploads\/2025\/11\/the-rug-dealer-porsche-tufted-tufting-rug-car-300x169.jpg 300w, https:\/\/tuftingeurope.com\/wp-content\/uploads\/2025\/11\/the-rug-dealer-porsche-tufted-tufting-rug-car-1024x576.jpg 1024w, https:\/\/tuftingeurope.com\/wp-content\/uploads\/2025\/11\/the-rug-dealer-porsche-tufted-tufting-rug-car-768x432.jpg 768w, https:\/\/tuftingeurope.com\/wp-content\/uploads\/2025\/11\/the-rug-dealer-porsche-tufted-tufting-rug-car-1536x864.jpg 1536w, https:\/\/tuftingeurope.com\/wp-content\/uploads\/2025\/11\/the-rug-dealer-porsche-tufted-tufting-rug-car-1320x743.jpg 1320w, https:\/\/tuftingeurope.com\/wp-content\/uploads\/2025\/11\/the-rug-dealer-porsche-tufted-tufting-rug-car-1000x563.jpg 1000w, https:\/\/tuftingeurope.com\/wp-content\/uploads\/2025\/11\/the-rug-dealer-porsche-tufted-tufting-rug-car-80x45.jpg 80w, https:\/\/tuftingeurope.com\/wp-content\/uploads\/2025\/11\/the-rug-dealer-porsche-tufted-tufting-rug-car.jpg 1920w\" sizes=\"(max-width: 300px) 100vw, 300px\" title=\"\">\t\t\t\t\t\t\t<\/a>\n  \t\t\t\t\t\t\t  \t\t\t\t\t\t\t  \t\t\t\t\t\t<\/div>\n  \t\t\t\t\t\t  \t\t\t\t\t<\/div>\n          \t\t\t\t\t<div class=\"box-text text-center\" style=\"background-color:rgb(255, 255, 255);\">\n\t\t\t\t\t<div class=\"box-text-inner blog-post-inner\">\n\n\t\t\t\t\t\n\t\t\t\t\t\t\t\t\t\t<h5 class=\"post-title is-large \">\n\t\t\t\t\t\t<a href=\"https:\/\/tuftingeurope.com\/de\/teppich-der-woche\/therugdealers-tufted-porsche-three-years-in-the-making\/\" class=\"plain\">Der getuftete Porsche von TheRugDealer, eine dreij\u00e4hrige Arbeit<\/a>\n\t\t\t\t\t<\/h5>\n\t\t\t\t\t\t\t\t\t\t<div class=\"is-divider\"><\/div>\n\t\t\t\t\t                    \n\t\t\t\t\t\n\t\t\t\t\t\n\t\t\t\t\t<\/div>\n\t\t\t\t\t<\/div>\n\t\t\t\t\t\t\t\t\t<\/div>\n\t\t\t<\/div>\n\t\t<\/div><div class=\"col post-item\" >\n\t\t\t<div class=\"col-inner\">\n\t\t\t\t<div class=\"box box-normal box-text-bottom box-blog-post has-hover\">\n            \t\t\t\t\t<div class=\"box-image\" >\n  \t\t\t\t\t\t<div class=\"image-cover\" style=\"padding-top:56.25%;\">\n\t\t\t\t\t\t\t<a href=\"https:\/\/tuftingeurope.com\/de\/teppich-der-woche\/tinis-tufted-chair-full-of-play-and-process\/\" class=\"plain\" aria-label=\"Tinis getufteter Stuhl voller Spiel und Prozess\">\n\t\t\t\t\t\t\t\t<img loading=\"lazy\" decoding=\"async\" width=\"300\" height=\"169\" src=\"https:\/\/tuftingeurope.com\/wp-content\/uploads\/2025\/09\/Rug-of-the-week-series-tuftingeurope-3-300x169.jpg\" class=\"attachment-medium size-medium wp-post-image\" alt=\"\" srcset=\"https:\/\/tuftingeurope.com\/wp-content\/uploads\/2025\/09\/Rug-of-the-week-series-tuftingeurope-3-300x169.jpg 300w, https:\/\/tuftingeurope.com\/wp-content\/uploads\/2025\/09\/Rug-of-the-week-series-tuftingeurope-3-1024x576.jpg 1024w, https:\/\/tuftingeurope.com\/wp-content\/uploads\/2025\/09\/Rug-of-the-week-series-tuftingeurope-3-768x432.jpg 768w, https:\/\/tuftingeurope.com\/wp-content\/uploads\/2025\/09\/Rug-of-the-week-series-tuftingeurope-3-1536x864.jpg 1536w, https:\/\/tuftingeurope.com\/wp-content\/uploads\/2025\/09\/Rug-of-the-week-series-tuftingeurope-3-1320x743.jpg 1320w, https:\/\/tuftingeurope.com\/wp-content\/uploads\/2025\/09\/Rug-of-the-week-series-tuftingeurope-3-1000x563.jpg 1000w, https:\/\/tuftingeurope.com\/wp-content\/uploads\/2025\/09\/Rug-of-the-week-series-tuftingeurope-3-80x45.jpg 80w, https:\/\/tuftingeurope.com\/wp-content\/uploads\/2025\/09\/Rug-of-the-week-series-tuftingeurope-3.jpg 1920w\" sizes=\"(max-width: 300px) 100vw, 300px\" title=\"\">\t\t\t\t\t\t\t<\/a>\n  \t\t\t\t\t\t\t  \t\t\t\t\t\t\t  \t\t\t\t\t\t<\/div>\n  \t\t\t\t\t\t  \t\t\t\t\t<\/div>\n          \t\t\t\t\t<div class=\"box-text text-center\" style=\"background-color:rgb(255, 255, 255);\">\n\t\t\t\t\t<div class=\"box-text-inner blog-post-inner\">\n\n\t\t\t\t\t\n\t\t\t\t\t\t\t\t\t\t<h5 class=\"post-title is-large \">\n\t\t\t\t\t\t<a href=\"https:\/\/tuftingeurope.com\/de\/teppich-der-woche\/tinis-tufted-chair-full-of-play-and-process\/\" class=\"plain\">Tinis getufteter Stuhl voller Spiel und Prozess<\/a>\n\t\t\t\t\t<\/h5>\n\t\t\t\t\t\t\t\t\t\t<div class=\"is-divider\"><\/div>\n\t\t\t\t\t                    \n\t\t\t\t\t\n\t\t\t\t\t\n\t\t\t\t\t<\/div>\n\t\t\t\t\t<\/div>\n\t\t\t\t\t\t\t\t\t<\/div>\n\t\t\t<\/div>\n\t\t<\/div><div class=\"col post-item\" >\n\t\t\t<div class=\"col-inner\">\n\t\t\t\t<div class=\"box box-normal box-text-bottom box-blog-post has-hover\">\n            \t\t\t\t\t<div class=\"box-image\" >\n  \t\t\t\t\t\t<div class=\"image-cover\" style=\"padding-top:56.25%;\">\n\t\t\t\t\t\t\t<a href=\"https:\/\/tuftingeurope.com\/de\/teppich-der-woche\/oslo-rugs-tribute-to-footballs-greatest-rivalry\/\" class=\"plain\" aria-label=\"Oslo Rugs\u2019 Hommage an die gr\u00f6\u00dfte Rivalit\u00e4t im Fu\u00dfball\">\n\t\t\t\t\t\t\t\t<img loading=\"lazy\" decoding=\"async\" width=\"300\" height=\"169\" src=\"https:\/\/tuftingeurope.com\/wp-content\/uploads\/2025\/09\/Rug-of-the-week-series-tuftingeurope-1-300x169.jpg\" class=\"attachment-medium size-medium wp-post-image\" alt=\"\" srcset=\"https:\/\/tuftingeurope.com\/wp-content\/uploads\/2025\/09\/Rug-of-the-week-series-tuftingeurope-1-300x169.jpg 300w, https:\/\/tuftingeurope.com\/wp-content\/uploads\/2025\/09\/Rug-of-the-week-series-tuftingeurope-1-1024x576.jpg 1024w, https:\/\/tuftingeurope.com\/wp-content\/uploads\/2025\/09\/Rug-of-the-week-series-tuftingeurope-1-768x432.jpg 768w, https:\/\/tuftingeurope.com\/wp-content\/uploads\/2025\/09\/Rug-of-the-week-series-tuftingeurope-1-1536x864.jpg 1536w, https:\/\/tuftingeurope.com\/wp-content\/uploads\/2025\/09\/Rug-of-the-week-series-tuftingeurope-1-1320x743.jpg 1320w, https:\/\/tuftingeurope.com\/wp-content\/uploads\/2025\/09\/Rug-of-the-week-series-tuftingeurope-1-1000x563.jpg 1000w, https:\/\/tuftingeurope.com\/wp-content\/uploads\/2025\/09\/Rug-of-the-week-series-tuftingeurope-1-80x45.jpg 80w, https:\/\/tuftingeurope.com\/wp-content\/uploads\/2025\/09\/Rug-of-the-week-series-tuftingeurope-1.jpg 1920w\" sizes=\"(max-width: 300px) 100vw, 300px\" title=\"\">\t\t\t\t\t\t\t<\/a>\n  \t\t\t\t\t\t\t  \t\t\t\t\t\t\t  \t\t\t\t\t\t<\/div>\n  \t\t\t\t\t\t  \t\t\t\t\t<\/div>\n          \t\t\t\t\t<div class=\"box-text text-center\" style=\"background-color:rgb(255, 255, 255);\">\n\t\t\t\t\t<div class=\"box-text-inner blog-post-inner\">\n\n\t\t\t\t\t\n\t\t\t\t\t\t\t\t\t\t<h5 class=\"post-title is-large \">\n\t\t\t\t\t\t<a href=\"https:\/\/tuftingeurope.com\/de\/teppich-der-woche\/oslo-rugs-tribute-to-footballs-greatest-rivalry\/\" class=\"plain\">Oslo Rugs\u2019 Hommage an die gr\u00f6\u00dfte Rivalit\u00e4t im Fu\u00dfball<\/a>\n\t\t\t\t\t<\/h5>\n\t\t\t\t\t\t\t\t\t\t<div class=\"is-divider\"><\/div>\n\t\t\t\t\t                    \n\t\t\t\t\t\n\t\t\t\t\t\n\t\t\t\t\t<\/div>\n\t\t\t\t\t<\/div>\n\t\t\t\t\t\t\t\t\t<\/div>\n\t\t\t<\/div>\n\t\t<\/div><div class=\"col post-item\" >\n\t\t\t<div class=\"col-inner\">\n\t\t\t\t<div class=\"box box-normal box-text-bottom box-blog-post has-hover\">\n            \t\t\t\t\t<div class=\"box-image\" >\n  \t\t\t\t\t\t<div class=\"image-cover\" style=\"padding-top:56.25%;\">\n\t\t\t\t\t\t\t<a href=\"https:\/\/tuftingeurope.com\/de\/teppich-der-woche\/cedric-vus-self-portrait-series-and-the-art-of-becoming\/\" class=\"plain\" aria-label=\"Cedric Vus Selbstportr\u00e4tserie und die Kunst des Werdens\">\n\t\t\t\t\t\t\t\t<img loading=\"lazy\" decoding=\"async\" width=\"300\" height=\"169\" src=\"https:\/\/tuftingeurope.com\/wp-content\/uploads\/2025\/04\/Rug-of-the-week-series-tuftingeurope-3-300x169.jpg\" class=\"attachment-medium size-medium wp-post-image\" alt=\"\" srcset=\"https:\/\/tuftingeurope.com\/wp-content\/uploads\/2025\/04\/Rug-of-the-week-series-tuftingeurope-3-300x169.jpg 300w, https:\/\/tuftingeurope.com\/wp-content\/uploads\/2025\/04\/Rug-of-the-week-series-tuftingeurope-3-1024x576.jpg 1024w, https:\/\/tuftingeurope.com\/wp-content\/uploads\/2025\/04\/Rug-of-the-week-series-tuftingeurope-3-768x432.jpg 768w, https:\/\/tuftingeurope.com\/wp-content\/uploads\/2025\/04\/Rug-of-the-week-series-tuftingeurope-3-1536x864.jpg 1536w, https:\/\/tuftingeurope.com\/wp-content\/uploads\/2025\/04\/Rug-of-the-week-series-tuftingeurope-3-1000x563.jpg 1000w, https:\/\/tuftingeurope.com\/wp-content\/uploads\/2025\/04\/Rug-of-the-week-series-tuftingeurope-3-80x45.jpg 80w, https:\/\/tuftingeurope.com\/wp-content\/uploads\/2025\/04\/Rug-of-the-week-series-tuftingeurope-3.jpg 1920w\" sizes=\"(max-width: 300px) 100vw, 300px\" title=\"\">\t\t\t\t\t\t\t<\/a>\n  \t\t\t\t\t\t\t  \t\t\t\t\t\t\t  \t\t\t\t\t\t<\/div>\n  \t\t\t\t\t\t  \t\t\t\t\t<\/div>\n          \t\t\t\t\t<div class=\"box-text text-center\" style=\"background-color:rgb(255, 255, 255);\">\n\t\t\t\t\t<div class=\"box-text-inner blog-post-inner\">\n\n\t\t\t\t\t\n\t\t\t\t\t\t\t\t\t\t<h5 class=\"post-title is-large \">\n\t\t\t\t\t\t<a href=\"https:\/\/tuftingeurope.com\/de\/teppich-der-woche\/cedric-vus-self-portrait-series-and-the-art-of-becoming\/\" class=\"plain\">Cedric Vus Selbstportr\u00e4tserie und die Kunst des Werdens<\/a>\n\t\t\t\t\t<\/h5>\n\t\t\t\t\t\t\t\t\t\t<div class=\"is-divider\"><\/div>\n\t\t\t\t\t                    \n\t\t\t\t\t\n\t\t\t\t\t\n\t\t\t\t\t<\/div>\n\t\t\t\t\t<\/div>\n\t\t\t\t\t\t\t\t\t<\/div>\n\t\t\t<\/div>\n\t\t<\/div><div class=\"col post-item\" >\n\t\t\t<div class=\"col-inner\">\n\t\t\t\t<div class=\"box box-normal box-text-bottom box-blog-post has-hover\">\n            \t\t\t\t\t<div class=\"box-image\" >\n  \t\t\t\t\t\t<div class=\"image-cover\" style=\"padding-top:56.25%;\">\n\t\t\t\t\t\t\t<a href=\"https:\/\/tuftingeurope.com\/de\/teppich-der-woche\/hippolyte-goberts-ocean-inspired-tufting-art\/\" class=\"plain\" aria-label=\"Hippolyte Goberts ozeaninspirierte Teppichkunst\">\n\t\t\t\t\t\t\t\t<img loading=\"lazy\" decoding=\"async\" width=\"300\" height=\"169\" src=\"https:\/\/tuftingeurope.com\/wp-content\/uploads\/2025\/03\/Rug-of-the-week-series-tuftingeurope-1-300x169.jpg\" class=\"attachment-medium size-medium wp-post-image\" alt=\"\" srcset=\"https:\/\/tuftingeurope.com\/wp-content\/uploads\/2025\/03\/Rug-of-the-week-series-tuftingeurope-1-300x169.jpg 300w, https:\/\/tuftingeurope.com\/wp-content\/uploads\/2025\/03\/Rug-of-the-week-series-tuftingeurope-1-1024x576.jpg 1024w, https:\/\/tuftingeurope.com\/wp-content\/uploads\/2025\/03\/Rug-of-the-week-series-tuftingeurope-1-768x432.jpg 768w, https:\/\/tuftingeurope.com\/wp-content\/uploads\/2025\/03\/Rug-of-the-week-series-tuftingeurope-1-1536x864.jpg 1536w, https:\/\/tuftingeurope.com\/wp-content\/uploads\/2025\/03\/Rug-of-the-week-series-tuftingeurope-1-1000x563.jpg 1000w, https:\/\/tuftingeurope.com\/wp-content\/uploads\/2025\/03\/Rug-of-the-week-series-tuftingeurope-1-80x45.jpg 80w, https:\/\/tuftingeurope.com\/wp-content\/uploads\/2025\/03\/Rug-of-the-week-series-tuftingeurope-1.jpg 1920w\" sizes=\"(max-width: 300px) 100vw, 300px\" title=\"\">\t\t\t\t\t\t\t<\/a>\n  \t\t\t\t\t\t\t  \t\t\t\t\t\t\t  \t\t\t\t\t\t<\/div>\n  \t\t\t\t\t\t  \t\t\t\t\t<\/div>\n          \t\t\t\t\t<div class=\"box-text text-center\" style=\"background-color:rgb(255, 255, 255);\">\n\t\t\t\t\t<div class=\"box-text-inner blog-post-inner\">\n\n\t\t\t\t\t\n\t\t\t\t\t\t\t\t\t\t<h5 class=\"post-title is-large \">\n\t\t\t\t\t\t<a href=\"https:\/\/tuftingeurope.com\/de\/teppich-der-woche\/hippolyte-goberts-ocean-inspired-tufting-art\/\" class=\"plain\">Hippolyte Goberts ozeaninspirierte Teppichkunst<\/a>\n\t\t\t\t\t<\/h5>\n\t\t\t\t\t\t\t\t\t\t<div class=\"is-divider\"><\/div>\n\t\t\t\t\t                    \n\t\t\t\t\t\n\t\t\t\t\t\n\t\t\t\t\t<\/div>\n\t\t\t\t\t<\/div>\n\t\t\t\t\t\t\t\t\t<\/div>\n\t\t\t<\/div>\n\t\t<\/div><div class=\"col post-item\" >\n\t\t\t<div class=\"col-inner\">\n\t\t\t\t<div class=\"box box-normal box-text-bottom box-blog-post has-hover\">\n            \t\t\t\t\t<div class=\"box-image\" >\n  \t\t\t\t\t\t<div class=\"image-cover\" style=\"padding-top:56.25%;\">\n\t\t\t\t\t\t\t<a href=\"https:\/\/tuftingeurope.com\/de\/teppich-der-woche\/kid-kardiacs-tribute-to-kobe-and-the-power-of-preserving-moments\/\" class=\"plain\" aria-label=\"Kid Kardiacs Tribut an Kobe und die Kraft der Momentbewahrung\">\n\t\t\t\t\t\t\t\t<img loading=\"lazy\" decoding=\"async\" width=\"300\" height=\"169\" src=\"https:\/\/tuftingeurope.com\/wp-content\/uploads\/2025\/02\/Rug-of-the-week-series-tuftingeurope-7-300x169.jpg\" class=\"attachment-medium size-medium wp-post-image\" alt=\"\" srcset=\"https:\/\/tuftingeurope.com\/wp-content\/uploads\/2025\/02\/Rug-of-the-week-series-tuftingeurope-7-300x169.jpg 300w, https:\/\/tuftingeurope.com\/wp-content\/uploads\/2025\/02\/Rug-of-the-week-series-tuftingeurope-7-1024x576.jpg 1024w, https:\/\/tuftingeurope.com\/wp-content\/uploads\/2025\/02\/Rug-of-the-week-series-tuftingeurope-7-768x432.jpg 768w, https:\/\/tuftingeurope.com\/wp-content\/uploads\/2025\/02\/Rug-of-the-week-series-tuftingeurope-7-1536x864.jpg 1536w, https:\/\/tuftingeurope.com\/wp-content\/uploads\/2025\/02\/Rug-of-the-week-series-tuftingeurope-7-1000x563.jpg 1000w, https:\/\/tuftingeurope.com\/wp-content\/uploads\/2025\/02\/Rug-of-the-week-series-tuftingeurope-7-80x45.jpg 80w, https:\/\/tuftingeurope.com\/wp-content\/uploads\/2025\/02\/Rug-of-the-week-series-tuftingeurope-7.jpg 1920w\" sizes=\"(max-width: 300px) 100vw, 300px\" title=\"\">\t\t\t\t\t\t\t<\/a>\n  \t\t\t\t\t\t\t  \t\t\t\t\t\t\t  \t\t\t\t\t\t<\/div>\n  \t\t\t\t\t\t  \t\t\t\t\t<\/div>\n          \t\t\t\t\t<div class=\"box-text text-center\" style=\"background-color:rgb(255, 255, 255);\">\n\t\t\t\t\t<div class=\"box-text-inner blog-post-inner\">\n\n\t\t\t\t\t\n\t\t\t\t\t\t\t\t\t\t<h5 class=\"post-title is-large \">\n\t\t\t\t\t\t<a href=\"https:\/\/tuftingeurope.com\/de\/teppich-der-woche\/kid-kardiacs-tribute-to-kobe-and-the-power-of-preserving-moments\/\" class=\"plain\">Kid Kardiacs Tribut an Kobe und die Kraft der Momentbewahrung<\/a>\n\t\t\t\t\t<\/h5>\n\t\t\t\t\t\t\t\t\t\t<div class=\"is-divider\"><\/div>\n\t\t\t\t\t                    \n\t\t\t\t\t\n\t\t\t\t\t\n\t\t\t\t\t<\/div>\n\t\t\t\t\t<\/div>\n\t\t\t\t\t\t\t\t\t<\/div>\n\t\t\t<\/div>\n\t\t<\/div><\/div>\n","protected":false},"excerpt":{"rendered":"<p>Der diese Woche vorgestellte tufting-K\u00fcnstler ist Charlie Serotoff, ein 40-j\u00e4hriger Textilk\u00fcnstler mit Sitz in New York City. Besuchen Sie Charlies Instagram @charliethetuna1 und seine Website Rugs of Reflection. Tags\u00fcber arbeitet Charlie im Technologiesektor, doch in seiner Freizeit taucht er in die Welt des Teppichkn\u00fcpfens ein und nutzt tufting als Mittel zur Verarbeitung von Emotionen und<\/p>\n","protected":false},"author":1,"featured_media":52036,"comment_status":"open","ping_status":"closed","sticky":false,"template":"","format":"standard","meta":{"footnotes":""},"categories":[758],"tags":[],"class_list":["post-53159","post","type-post","status-publish","format-standard","has-post-thumbnail","hentry","category-teppich-der-woche"],"_links":{"self":[{"href":"https:\/\/tuftingeurope.com\/de\/wp-json\/wp\/v2\/posts\/53159","targetHints":{"allow":["GET"]}}],"collection":[{"href":"https:\/\/tuftingeurope.com\/de\/wp-json\/wp\/v2\/posts"}],"about":[{"href":"https:\/\/tuftingeurope.com\/de\/wp-json\/wp\/v2\/types\/post"}],"author":[{"embeddable":true,"href":"https:\/\/tuftingeurope.com\/de\/wp-json\/wp\/v2\/users\/1"}],"replies":[{"embeddable":true,"href":"https:\/\/tuftingeurope.com\/de\/wp-json\/wp\/v2\/comments?post=53159"}],"version-history":[{"count":1,"href":"https:\/\/tuftingeurope.com\/de\/wp-json\/wp\/v2\/posts\/53159\/revisions"}],"predecessor-version":[{"id":53160,"href":"https:\/\/tuftingeurope.com\/de\/wp-json\/wp\/v2\/posts\/53159\/revisions\/53160"}],"wp:featuredmedia":[{"embeddable":true,"href":"https:\/\/tuftingeurope.com\/de\/wp-json\/wp\/v2\/media\/52036"}],"wp:attachment":[{"href":"https:\/\/tuftingeurope.com\/de\/wp-json\/wp\/v2\/media?parent=53159"}],"wp:term":[{"taxonomy":"category","embeddable":true,"href":"https:\/\/tuftingeurope.com\/de\/wp-json\/wp\/v2\/categories?post=53159"},{"taxonomy":"post_tag","embeddable":true,"href":"https:\/\/tuftingeurope.com\/de\/wp-json\/wp\/v2\/tags?post=53159"}],"curies":[{"name":"wp","href":"https:\/\/api.w.org\/{rel}","templated":true}]}}