{"id":53173,"date":"2025-02-28T06:05:00","date_gmt":"2025-02-28T05:05:00","guid":{"rendered":"https:\/\/tuftingeurope.com\/actualites\/charlie-serotoffs-exploration-of-depth-and-perception\/"},"modified":"2025-03-19T10:38:16","modified_gmt":"2025-03-19T09:38:16","slug":"charlie-serotoffs-exploration-of-depth-and-perception","status":"publish","type":"post","link":"https:\/\/tuftingeurope.com\/fr\/tapis-de-la-semaine\/charlie-serotoffs-exploration-of-depth-and-perception\/","title":{"rendered":"L&#8217;exploration de la profondeur et de la perception par Charlie Serotoff"},"content":{"rendered":"\n<p>L&#8217;artiste tufting mis en avant cette semaine est Charlie Serotoff, un artiste textile de 40 ans bas\u00e9 \u00e0 New York. D\u00e9couvrez l&#8217;Instagram de Charlie <a href=\"https:\/\/www.instagram.com\/charliethetuna1\/\" target=\"_blank\" rel=\"noopener\">@charliethetuna1<\/a> et son site web <a href=\"https:\/\/www.rugsofreflection.com\/\" target=\"_blank\" rel=\"noopener\"><span style=\"text-decoration: underline;\">Rugs of Reflection<\/span><\/a>. <\/p>\n\n<p>Durant la journ\u00e9e, Charlie travaille dans le secteur technologique, mais pendant son temps libre, il s&#8217;immerge dans l&#8217;univers de la cr\u00e9ation de tapis, utilisant tufting comme moyen de traiter les \u00e9motions et d&#8217;explorer les complexit\u00e9s des relations humaines.<\/p>\n\n<h3 class=\"wp-block-heading\"><strong>Du premier atelier \u00e0 l&#8217;immersion totale<\/strong><\/h3>\n\n<p>Le parcours de Charlie dans tufting a d\u00e9but\u00e9 en novembre 2023 avec un simple atelier. <em>&#8220;J&#8217;ai \u00e9t\u00e9 instantan\u00e9ment captiv\u00e9,&#8221;<\/em> se souvient-il. Aujourd&#8217;hui, il loue un espace studio pour cr\u00e9er des tapis plus grands et plus complexes, canalisant ses exp\u00e9riences et ses \u00e9motions dans chaque pi\u00e8ce. <\/p>\n\n<p><em>&#8220;Ce qui me fascine le plus, c&#8217;est la fa\u00e7on dont tufting me plonge dans un \u00e9tat de flux. Le temps dispara\u00eet tandis que je traduis les sentiments et les concepts en laine et en couleur, une ligne \u00e0 la fois.&#8221; <\/em><\/p>\n\n<figure class=\"wp-block-gallery has-nested-images columns-default is-cropped wp-block-gallery-1 is-layout-flex wp-block-gallery-is-layout-flex\">\n<figure class=\"wp-block-image size-large\"><img fetchpriority=\"high\" decoding=\"async\" width=\"833\" height=\"1024\" data-id=\"52012\" src=\"https:\/\/tuftingeurope.com\/wp-content\/uploads\/2025\/02\/IMG_2916-11a7af9ce660c7c37ec6ceead37bbc67-833x1024.jpg\" alt=\"\" class=\"wp-image-52012\" title=\"\" srcset=\"https:\/\/tuftingeurope.com\/wp-content\/uploads\/2025\/02\/IMG_2916-11a7af9ce660c7c37ec6ceead37bbc67-833x1024.jpg 833w, https:\/\/tuftingeurope.com\/wp-content\/uploads\/2025\/02\/IMG_2916-11a7af9ce660c7c37ec6ceead37bbc67-244x300.jpg 244w, https:\/\/tuftingeurope.com\/wp-content\/uploads\/2025\/02\/IMG_2916-11a7af9ce660c7c37ec6ceead37bbc67-768x944.jpg 768w, https:\/\/tuftingeurope.com\/wp-content\/uploads\/2025\/02\/IMG_2916-11a7af9ce660c7c37ec6ceead37bbc67-1250x1536.jpg 1250w, https:\/\/tuftingeurope.com\/wp-content\/uploads\/2025\/02\/IMG_2916-11a7af9ce660c7c37ec6ceead37bbc67-1667x2048.jpg 1667w, https:\/\/tuftingeurope.com\/wp-content\/uploads\/2025\/02\/IMG_2916-11a7af9ce660c7c37ec6ceead37bbc67-1000x1229.jpg 1000w, https:\/\/tuftingeurope.com\/wp-content\/uploads\/2025\/02\/IMG_2916-11a7af9ce660c7c37ec6ceead37bbc67-407x500.jpg 407w\" sizes=\"(max-width: 833px) 100vw, 833px\" \/><figcaption><\/figcaption><\/figure>\n\n\n\n<figure class=\"wp-block-image size-large\"><img decoding=\"async\" width=\"768\" height=\"1024\" data-id=\"52019\" src=\"https:\/\/tuftingeurope.com\/wp-content\/uploads\/2025\/02\/IMG_2911-f0c8cb8d5fac4c8c30cc6f94439f0ac5-768x1024.jpg\" alt=\"\" class=\"wp-image-52019\" title=\"\" srcset=\"https:\/\/tuftingeurope.com\/wp-content\/uploads\/2025\/02\/IMG_2911-f0c8cb8d5fac4c8c30cc6f94439f0ac5-768x1024.jpg 768w, https:\/\/tuftingeurope.com\/wp-content\/uploads\/2025\/02\/IMG_2911-f0c8cb8d5fac4c8c30cc6f94439f0ac5-225x300.jpg 225w, https:\/\/tuftingeurope.com\/wp-content\/uploads\/2025\/02\/IMG_2911-f0c8cb8d5fac4c8c30cc6f94439f0ac5-1152x1536.jpg 1152w, https:\/\/tuftingeurope.com\/wp-content\/uploads\/2025\/02\/IMG_2911-f0c8cb8d5fac4c8c30cc6f94439f0ac5-1536x2048.jpg 1536w, https:\/\/tuftingeurope.com\/wp-content\/uploads\/2025\/02\/IMG_2911-f0c8cb8d5fac4c8c30cc6f94439f0ac5-1000x1333.jpg 1000w, https:\/\/tuftingeurope.com\/wp-content\/uploads\/2025\/02\/IMG_2911-f0c8cb8d5fac4c8c30cc6f94439f0ac5-375x500.jpg 375w, https:\/\/tuftingeurope.com\/wp-content\/uploads\/2025\/02\/IMG_2911-f0c8cb8d5fac4c8c30cc6f94439f0ac5-scaled.jpg 1920w\" sizes=\"(max-width: 768px) 100vw, 768px\" \/><figcaption><\/figcaption><\/figure>\n\n\n\n<figure class=\"wp-block-image size-large\"><img decoding=\"async\" width=\"791\" height=\"1024\" data-id=\"51998\" src=\"https:\/\/tuftingeurope.com\/wp-content\/uploads\/2025\/02\/IMG_2951-2-d52dfa980bf57855ffe89f8dbef1f51a-791x1024.jpg\" alt=\"\" class=\"wp-image-51998\" title=\"\" srcset=\"https:\/\/tuftingeurope.com\/wp-content\/uploads\/2025\/02\/IMG_2951-2-d52dfa980bf57855ffe89f8dbef1f51a-791x1024.jpg 791w, https:\/\/tuftingeurope.com\/wp-content\/uploads\/2025\/02\/IMG_2951-2-d52dfa980bf57855ffe89f8dbef1f51a-232x300.jpg 232w, https:\/\/tuftingeurope.com\/wp-content\/uploads\/2025\/02\/IMG_2951-2-d52dfa980bf57855ffe89f8dbef1f51a-768x994.jpg 768w, https:\/\/tuftingeurope.com\/wp-content\/uploads\/2025\/02\/IMG_2951-2-d52dfa980bf57855ffe89f8dbef1f51a-1187x1536.jpg 1187w, https:\/\/tuftingeurope.com\/wp-content\/uploads\/2025\/02\/IMG_2951-2-d52dfa980bf57855ffe89f8dbef1f51a-1583x2048.jpg 1583w, https:\/\/tuftingeurope.com\/wp-content\/uploads\/2025\/02\/IMG_2951-2-d52dfa980bf57855ffe89f8dbef1f51a-1000x1294.jpg 1000w, https:\/\/tuftingeurope.com\/wp-content\/uploads\/2025\/02\/IMG_2951-2-d52dfa980bf57855ffe89f8dbef1f51a-386x500.jpg 386w, https:\/\/tuftingeurope.com\/wp-content\/uploads\/2025\/02\/IMG_2951-2-d52dfa980bf57855ffe89f8dbef1f51a-scaled.jpg 1979w\" sizes=\"(max-width: 791px) 100vw, 791px\" \/><figcaption><\/figcaption><\/figure>\n<\/figure>\n\n<h3 class=\"wp-block-heading\"><strong>La signification derri\u00e8re &#8220;Sonder&#8221;<\/strong><\/h3>\n\n<p>Le tapis que Charlie partage avec nous cette semaine s&#8217;inspire du concept de &#8220;sonder&#8221; &#8211; la prise de conscience que chaque personne que vous croisez, qu&#8217;il s&#8217;agisse d&#8217;un \u00e9tranger, d&#8217;un serveur ou d&#8217;un barista, a une vie aussi complexe et compliqu\u00e9e que la v\u00f4tre.<\/p>\n\n<p><em>&#8220;C&#8217;est une sensation surr\u00e9aliste et bizarre &#8211; que vous ne saurez jamais rien de presque toutes les personnes que vous croisez dans la rue. L&#8217;immense volume de connaissances, d&#8217;exp\u00e9riences et de connexions qui flotte dans l&#8217;univers singulier de l&#8217;exp\u00e9rience de vie de chacun semble tout simplement consid\u00e9rable.&#8221;<\/em><\/p>\n\n<p>La palette noir et blanc du tapis refl\u00e8te la superficialit\u00e9 des premi\u00e8res impressions, la fa\u00e7on dont nous ne voyons souvent les autres que comme des figures passag\u00e8res. Mais les lignes fluides et l&#8217;effet 3D subtil invitent \u00e0 y regarder de plus pr\u00e8s &#8211; tout comme une v\u00e9ritable connexion humaine. <\/p>\n\n<p><em>&#8220;Le visage au centre capture cette tension entre la surface et la profondeur. Les lignes fluides se dissolvent dans l&#8217;arri\u00e8re-plan&#8230; les vies des gens s&#8217;entrecroisent et s&#8217;entrem\u00ealent, souvent inaper\u00e7ues et sans impact durable.&#8221;<\/em><\/p>\n\n<p>Pour Charlie, ce tapis est un rappel de la profondeur cach\u00e9e dans l&#8217;histoire de chacun, un appel \u00e0 remarquer davantage, \u00e0 regarder au-del\u00e0 de ce qui est imm\u00e9diatement visible.<\/p>\n\n<figure class=\"wp-block-video\"><video height=\"1920\" style=\"aspect-ratio: 1080 \/ 1920;\" width=\"1080\" controls=\"\" src=\"https:\/\/tuftingeurope.com\/wp-content\/uploads\/2025\/02\/IMG_2954-c65e3d7ac95b2630adffceb5f04154f0.mov\"><\/video><\/figure>\n\n<h3 class=\"wp-block-heading\"><strong>Le processus cr\u00e9atif<\/strong><\/h3>\n\n<p>Donner vie \u00e0 ce tapis a n\u00e9cessit\u00e9 environ 25 heures, de la conception \u00e0 tufting, en passant par le collage et la sculpture. L&#8217;un des plus grands d\u00e9fis ? La s\u00e9lection des couleurs.  <\/p>\n\n<p><em>&#8220;Je suis partiellement daltonien, donc j&#8217;ai beaucoup de mal \u00e0 s\u00e9lectionner les bonnes couleurs, en particulier pour les d\u00e9grad\u00e9s. Au d\u00e9but, je choisissais des verts au lieu de gris, mais un ami m&#8217;a aid\u00e9 \u00e0 trouver les bons.&#8221;<\/em><\/p>\n\n<p>Charlie a utilis\u00e9 du fil acrylique pour cette pi\u00e8ce et, s&#8217;il devait la r\u00e9aliser \u00e0 nouveau, il envisagerait de simplifier l\u00e9g\u00e8rement le design en r\u00e9duisant le nombre de nuances de gris.<\/p>\n\n\n  \n    <div id=\"row-1236542635\" class=\"row large-columns-3 medium-columns-1 small-columns-1 row-masonry\" data-packery-options='{\"itemSelector\": \".col\", \"gutter\": 0, \"presentageWidth\" : true}'>\n\n  <div class=\"col post-item\" >\n\t\t\t<div class=\"col-inner\">\n\t\t\t\t<div class=\"box box-normal box-text-bottom box-blog-post has-hover\">\n            \t\t\t\t\t<div class=\"box-image\" >\n  \t\t\t\t\t\t<div class=\"image-cover\" style=\"padding-top:56.25%;\">\n\t\t\t\t\t\t\t<a href=\"https:\/\/tuftingeurope.com\/fr\/tapis-de-la-semaine\/therugdealers-tufted-porsche-three-years-in-the-making\/\" class=\"plain\" aria-label=\"La Porsche tuft\u00e9e de TheRugDealer, trois ann\u00e9es de cr\u00e9ation\">\n\t\t\t\t\t\t\t\t<img loading=\"lazy\" decoding=\"async\" width=\"300\" height=\"169\" src=\"https:\/\/tuftingeurope.com\/wp-content\/uploads\/2025\/11\/the-rug-dealer-porsche-tufted-tufting-rug-car-300x169.jpg\" class=\"attachment-medium size-medium wp-post-image\" alt=\"\" srcset=\"https:\/\/tuftingeurope.com\/wp-content\/uploads\/2025\/11\/the-rug-dealer-porsche-tufted-tufting-rug-car-300x169.jpg 300w, https:\/\/tuftingeurope.com\/wp-content\/uploads\/2025\/11\/the-rug-dealer-porsche-tufted-tufting-rug-car-1024x576.jpg 1024w, https:\/\/tuftingeurope.com\/wp-content\/uploads\/2025\/11\/the-rug-dealer-porsche-tufted-tufting-rug-car-768x432.jpg 768w, https:\/\/tuftingeurope.com\/wp-content\/uploads\/2025\/11\/the-rug-dealer-porsche-tufted-tufting-rug-car-1536x864.jpg 1536w, https:\/\/tuftingeurope.com\/wp-content\/uploads\/2025\/11\/the-rug-dealer-porsche-tufted-tufting-rug-car-1320x743.jpg 1320w, https:\/\/tuftingeurope.com\/wp-content\/uploads\/2025\/11\/the-rug-dealer-porsche-tufted-tufting-rug-car-1000x563.jpg 1000w, https:\/\/tuftingeurope.com\/wp-content\/uploads\/2025\/11\/the-rug-dealer-porsche-tufted-tufting-rug-car-80x45.jpg 80w, https:\/\/tuftingeurope.com\/wp-content\/uploads\/2025\/11\/the-rug-dealer-porsche-tufted-tufting-rug-car.jpg 1920w\" sizes=\"(max-width: 300px) 100vw, 300px\" title=\"\">\t\t\t\t\t\t\t<\/a>\n  \t\t\t\t\t\t\t  \t\t\t\t\t\t\t  \t\t\t\t\t\t<\/div>\n  \t\t\t\t\t\t  \t\t\t\t\t<\/div>\n          \t\t\t\t\t<div class=\"box-text text-center\" style=\"background-color:rgb(255, 255, 255);\">\n\t\t\t\t\t<div class=\"box-text-inner blog-post-inner\">\n\n\t\t\t\t\t\n\t\t\t\t\t\t\t\t\t\t<h5 class=\"post-title is-large \">\n\t\t\t\t\t\t<a href=\"https:\/\/tuftingeurope.com\/fr\/tapis-de-la-semaine\/therugdealers-tufted-porsche-three-years-in-the-making\/\" class=\"plain\">La Porsche tuft\u00e9e de TheRugDealer, trois ann\u00e9es de cr\u00e9ation<\/a>\n\t\t\t\t\t<\/h5>\n\t\t\t\t\t\t\t\t\t\t<div class=\"is-divider\"><\/div>\n\t\t\t\t\t                    \n\t\t\t\t\t\n\t\t\t\t\t\n\t\t\t\t\t<\/div>\n\t\t\t\t\t<\/div>\n\t\t\t\t\t\t\t\t\t<\/div>\n\t\t\t<\/div>\n\t\t<\/div><div class=\"col post-item\" >\n\t\t\t<div class=\"col-inner\">\n\t\t\t\t<div class=\"box box-normal box-text-bottom box-blog-post has-hover\">\n            \t\t\t\t\t<div class=\"box-image\" >\n  \t\t\t\t\t\t<div class=\"image-cover\" style=\"padding-top:56.25%;\">\n\t\t\t\t\t\t\t<a href=\"https:\/\/tuftingeurope.com\/fr\/tapis-de-la-semaine\/tinis-tufted-chair-full-of-play-and-process\/\" class=\"plain\" aria-label=\"La chaise tufting de Tini pleine de jeu et de processus\">\n\t\t\t\t\t\t\t\t<img loading=\"lazy\" decoding=\"async\" width=\"300\" height=\"169\" src=\"https:\/\/tuftingeurope.com\/wp-content\/uploads\/2025\/09\/Rug-of-the-week-series-tuftingeurope-3-300x169.jpg\" class=\"attachment-medium size-medium wp-post-image\" alt=\"\" srcset=\"https:\/\/tuftingeurope.com\/wp-content\/uploads\/2025\/09\/Rug-of-the-week-series-tuftingeurope-3-300x169.jpg 300w, https:\/\/tuftingeurope.com\/wp-content\/uploads\/2025\/09\/Rug-of-the-week-series-tuftingeurope-3-1024x576.jpg 1024w, https:\/\/tuftingeurope.com\/wp-content\/uploads\/2025\/09\/Rug-of-the-week-series-tuftingeurope-3-768x432.jpg 768w, https:\/\/tuftingeurope.com\/wp-content\/uploads\/2025\/09\/Rug-of-the-week-series-tuftingeurope-3-1536x864.jpg 1536w, https:\/\/tuftingeurope.com\/wp-content\/uploads\/2025\/09\/Rug-of-the-week-series-tuftingeurope-3-1320x743.jpg 1320w, https:\/\/tuftingeurope.com\/wp-content\/uploads\/2025\/09\/Rug-of-the-week-series-tuftingeurope-3-1000x563.jpg 1000w, https:\/\/tuftingeurope.com\/wp-content\/uploads\/2025\/09\/Rug-of-the-week-series-tuftingeurope-3-80x45.jpg 80w, https:\/\/tuftingeurope.com\/wp-content\/uploads\/2025\/09\/Rug-of-the-week-series-tuftingeurope-3.jpg 1920w\" sizes=\"(max-width: 300px) 100vw, 300px\" title=\"\">\t\t\t\t\t\t\t<\/a>\n  \t\t\t\t\t\t\t  \t\t\t\t\t\t\t  \t\t\t\t\t\t<\/div>\n  \t\t\t\t\t\t  \t\t\t\t\t<\/div>\n          \t\t\t\t\t<div class=\"box-text text-center\" style=\"background-color:rgb(255, 255, 255);\">\n\t\t\t\t\t<div class=\"box-text-inner blog-post-inner\">\n\n\t\t\t\t\t\n\t\t\t\t\t\t\t\t\t\t<h5 class=\"post-title is-large \">\n\t\t\t\t\t\t<a href=\"https:\/\/tuftingeurope.com\/fr\/tapis-de-la-semaine\/tinis-tufted-chair-full-of-play-and-process\/\" class=\"plain\">La chaise tufting de Tini pleine de jeu et de processus<\/a>\n\t\t\t\t\t<\/h5>\n\t\t\t\t\t\t\t\t\t\t<div class=\"is-divider\"><\/div>\n\t\t\t\t\t                    \n\t\t\t\t\t\n\t\t\t\t\t\n\t\t\t\t\t<\/div>\n\t\t\t\t\t<\/div>\n\t\t\t\t\t\t\t\t\t<\/div>\n\t\t\t<\/div>\n\t\t<\/div><div class=\"col post-item\" >\n\t\t\t<div class=\"col-inner\">\n\t\t\t\t<div class=\"box box-normal box-text-bottom box-blog-post has-hover\">\n            \t\t\t\t\t<div class=\"box-image\" >\n  \t\t\t\t\t\t<div class=\"image-cover\" style=\"padding-top:56.25%;\">\n\t\t\t\t\t\t\t<a href=\"https:\/\/tuftingeurope.com\/fr\/tapis-de-la-semaine\/oslo-rugs-tribute-to-footballs-greatest-rivalry\/\" class=\"plain\" aria-label=\"L&#8217;hommage des tapis d&#8217;Oslo \u00e0 la plus grande rivalit\u00e9 du football\">\n\t\t\t\t\t\t\t\t<img loading=\"lazy\" decoding=\"async\" width=\"300\" height=\"169\" src=\"https:\/\/tuftingeurope.com\/wp-content\/uploads\/2025\/09\/Rug-of-the-week-series-tuftingeurope-1-300x169.jpg\" class=\"attachment-medium size-medium wp-post-image\" alt=\"\" srcset=\"https:\/\/tuftingeurope.com\/wp-content\/uploads\/2025\/09\/Rug-of-the-week-series-tuftingeurope-1-300x169.jpg 300w, https:\/\/tuftingeurope.com\/wp-content\/uploads\/2025\/09\/Rug-of-the-week-series-tuftingeurope-1-1024x576.jpg 1024w, https:\/\/tuftingeurope.com\/wp-content\/uploads\/2025\/09\/Rug-of-the-week-series-tuftingeurope-1-768x432.jpg 768w, https:\/\/tuftingeurope.com\/wp-content\/uploads\/2025\/09\/Rug-of-the-week-series-tuftingeurope-1-1536x864.jpg 1536w, https:\/\/tuftingeurope.com\/wp-content\/uploads\/2025\/09\/Rug-of-the-week-series-tuftingeurope-1-1320x743.jpg 1320w, https:\/\/tuftingeurope.com\/wp-content\/uploads\/2025\/09\/Rug-of-the-week-series-tuftingeurope-1-1000x563.jpg 1000w, https:\/\/tuftingeurope.com\/wp-content\/uploads\/2025\/09\/Rug-of-the-week-series-tuftingeurope-1-80x45.jpg 80w, https:\/\/tuftingeurope.com\/wp-content\/uploads\/2025\/09\/Rug-of-the-week-series-tuftingeurope-1.jpg 1920w\" sizes=\"(max-width: 300px) 100vw, 300px\" title=\"\">\t\t\t\t\t\t\t<\/a>\n  \t\t\t\t\t\t\t  \t\t\t\t\t\t\t  \t\t\t\t\t\t<\/div>\n  \t\t\t\t\t\t  \t\t\t\t\t<\/div>\n          \t\t\t\t\t<div class=\"box-text text-center\" style=\"background-color:rgb(255, 255, 255);\">\n\t\t\t\t\t<div class=\"box-text-inner blog-post-inner\">\n\n\t\t\t\t\t\n\t\t\t\t\t\t\t\t\t\t<h5 class=\"post-title is-large \">\n\t\t\t\t\t\t<a href=\"https:\/\/tuftingeurope.com\/fr\/tapis-de-la-semaine\/oslo-rugs-tribute-to-footballs-greatest-rivalry\/\" class=\"plain\">L&#8217;hommage des tapis d&#8217;Oslo \u00e0 la plus grande rivalit\u00e9 du football<\/a>\n\t\t\t\t\t<\/h5>\n\t\t\t\t\t\t\t\t\t\t<div class=\"is-divider\"><\/div>\n\t\t\t\t\t                    \n\t\t\t\t\t\n\t\t\t\t\t\n\t\t\t\t\t<\/div>\n\t\t\t\t\t<\/div>\n\t\t\t\t\t\t\t\t\t<\/div>\n\t\t\t<\/div>\n\t\t<\/div><div class=\"col post-item\" >\n\t\t\t<div class=\"col-inner\">\n\t\t\t\t<div class=\"box box-normal box-text-bottom box-blog-post has-hover\">\n            \t\t\t\t\t<div class=\"box-image\" >\n  \t\t\t\t\t\t<div class=\"image-cover\" style=\"padding-top:56.25%;\">\n\t\t\t\t\t\t\t<a href=\"https:\/\/tuftingeurope.com\/fr\/tapis-de-la-semaine\/cedric-vus-self-portrait-series-and-the-art-of-becoming\/\" class=\"plain\" aria-label=\"La s\u00e9rie d&#8217;autoportraits de Cedric Vu et l&#8217;art du devenir\">\n\t\t\t\t\t\t\t\t<img loading=\"lazy\" decoding=\"async\" width=\"300\" height=\"169\" src=\"https:\/\/tuftingeurope.com\/wp-content\/uploads\/2025\/04\/Rug-of-the-week-series-tuftingeurope-3-300x169.jpg\" class=\"attachment-medium size-medium wp-post-image\" alt=\"\" srcset=\"https:\/\/tuftingeurope.com\/wp-content\/uploads\/2025\/04\/Rug-of-the-week-series-tuftingeurope-3-300x169.jpg 300w, https:\/\/tuftingeurope.com\/wp-content\/uploads\/2025\/04\/Rug-of-the-week-series-tuftingeurope-3-1024x576.jpg 1024w, https:\/\/tuftingeurope.com\/wp-content\/uploads\/2025\/04\/Rug-of-the-week-series-tuftingeurope-3-768x432.jpg 768w, https:\/\/tuftingeurope.com\/wp-content\/uploads\/2025\/04\/Rug-of-the-week-series-tuftingeurope-3-1536x864.jpg 1536w, https:\/\/tuftingeurope.com\/wp-content\/uploads\/2025\/04\/Rug-of-the-week-series-tuftingeurope-3-1000x563.jpg 1000w, https:\/\/tuftingeurope.com\/wp-content\/uploads\/2025\/04\/Rug-of-the-week-series-tuftingeurope-3-80x45.jpg 80w, https:\/\/tuftingeurope.com\/wp-content\/uploads\/2025\/04\/Rug-of-the-week-series-tuftingeurope-3.jpg 1920w\" sizes=\"(max-width: 300px) 100vw, 300px\" title=\"\">\t\t\t\t\t\t\t<\/a>\n  \t\t\t\t\t\t\t  \t\t\t\t\t\t\t  \t\t\t\t\t\t<\/div>\n  \t\t\t\t\t\t  \t\t\t\t\t<\/div>\n          \t\t\t\t\t<div class=\"box-text text-center\" style=\"background-color:rgb(255, 255, 255);\">\n\t\t\t\t\t<div class=\"box-text-inner blog-post-inner\">\n\n\t\t\t\t\t\n\t\t\t\t\t\t\t\t\t\t<h5 class=\"post-title is-large \">\n\t\t\t\t\t\t<a href=\"https:\/\/tuftingeurope.com\/fr\/tapis-de-la-semaine\/cedric-vus-self-portrait-series-and-the-art-of-becoming\/\" class=\"plain\">La s\u00e9rie d&#8217;autoportraits de Cedric Vu et l&#8217;art du devenir<\/a>\n\t\t\t\t\t<\/h5>\n\t\t\t\t\t\t\t\t\t\t<div class=\"is-divider\"><\/div>\n\t\t\t\t\t                    \n\t\t\t\t\t\n\t\t\t\t\t\n\t\t\t\t\t<\/div>\n\t\t\t\t\t<\/div>\n\t\t\t\t\t\t\t\t\t<\/div>\n\t\t\t<\/div>\n\t\t<\/div><div class=\"col post-item\" >\n\t\t\t<div class=\"col-inner\">\n\t\t\t\t<div class=\"box box-normal box-text-bottom box-blog-post has-hover\">\n            \t\t\t\t\t<div class=\"box-image\" >\n  \t\t\t\t\t\t<div class=\"image-cover\" style=\"padding-top:56.25%;\">\n\t\t\t\t\t\t\t<a href=\"https:\/\/tuftingeurope.com\/fr\/tapis-de-la-semaine\/hippolyte-goberts-ocean-inspired-tufting-art\/\" class=\"plain\" aria-label=\"L&#8217;art de tufting inspir\u00e9 par l&#8217;oc\u00e9an d&#8217;Hippolyte Gobert\">\n\t\t\t\t\t\t\t\t<img loading=\"lazy\" decoding=\"async\" width=\"300\" height=\"169\" src=\"https:\/\/tuftingeurope.com\/wp-content\/uploads\/2025\/03\/Rug-of-the-week-series-tuftingeurope-1-300x169.jpg\" class=\"attachment-medium size-medium wp-post-image\" alt=\"\" srcset=\"https:\/\/tuftingeurope.com\/wp-content\/uploads\/2025\/03\/Rug-of-the-week-series-tuftingeurope-1-300x169.jpg 300w, https:\/\/tuftingeurope.com\/wp-content\/uploads\/2025\/03\/Rug-of-the-week-series-tuftingeurope-1-1024x576.jpg 1024w, https:\/\/tuftingeurope.com\/wp-content\/uploads\/2025\/03\/Rug-of-the-week-series-tuftingeurope-1-768x432.jpg 768w, https:\/\/tuftingeurope.com\/wp-content\/uploads\/2025\/03\/Rug-of-the-week-series-tuftingeurope-1-1536x864.jpg 1536w, https:\/\/tuftingeurope.com\/wp-content\/uploads\/2025\/03\/Rug-of-the-week-series-tuftingeurope-1-1000x563.jpg 1000w, https:\/\/tuftingeurope.com\/wp-content\/uploads\/2025\/03\/Rug-of-the-week-series-tuftingeurope-1-80x45.jpg 80w, https:\/\/tuftingeurope.com\/wp-content\/uploads\/2025\/03\/Rug-of-the-week-series-tuftingeurope-1.jpg 1920w\" sizes=\"(max-width: 300px) 100vw, 300px\" title=\"\">\t\t\t\t\t\t\t<\/a>\n  \t\t\t\t\t\t\t  \t\t\t\t\t\t\t  \t\t\t\t\t\t<\/div>\n  \t\t\t\t\t\t  \t\t\t\t\t<\/div>\n          \t\t\t\t\t<div class=\"box-text text-center\" style=\"background-color:rgb(255, 255, 255);\">\n\t\t\t\t\t<div class=\"box-text-inner blog-post-inner\">\n\n\t\t\t\t\t\n\t\t\t\t\t\t\t\t\t\t<h5 class=\"post-title is-large \">\n\t\t\t\t\t\t<a href=\"https:\/\/tuftingeurope.com\/fr\/tapis-de-la-semaine\/hippolyte-goberts-ocean-inspired-tufting-art\/\" class=\"plain\">L&#8217;art de tufting inspir\u00e9 par l&#8217;oc\u00e9an d&#8217;Hippolyte Gobert<\/a>\n\t\t\t\t\t<\/h5>\n\t\t\t\t\t\t\t\t\t\t<div class=\"is-divider\"><\/div>\n\t\t\t\t\t                    \n\t\t\t\t\t\n\t\t\t\t\t\n\t\t\t\t\t<\/div>\n\t\t\t\t\t<\/div>\n\t\t\t\t\t\t\t\t\t<\/div>\n\t\t\t<\/div>\n\t\t<\/div><div class=\"col post-item\" >\n\t\t\t<div class=\"col-inner\">\n\t\t\t\t<div class=\"box box-normal box-text-bottom box-blog-post has-hover\">\n            \t\t\t\t\t<div class=\"box-image\" >\n  \t\t\t\t\t\t<div class=\"image-cover\" style=\"padding-top:56.25%;\">\n\t\t\t\t\t\t\t<a href=\"https:\/\/tuftingeurope.com\/fr\/tapis-de-la-semaine\/kid-kardiacs-tribute-to-kobe-and-the-power-of-preserving-moments\/\" class=\"plain\" aria-label=\"L&#8217;hommage de Kid Kardiac \u00e0 Kobe et le pouvoir de pr\u00e9server les moments\">\n\t\t\t\t\t\t\t\t<img loading=\"lazy\" decoding=\"async\" width=\"300\" height=\"169\" src=\"https:\/\/tuftingeurope.com\/wp-content\/uploads\/2025\/02\/Rug-of-the-week-series-tuftingeurope-7-300x169.jpg\" class=\"attachment-medium size-medium wp-post-image\" alt=\"\" srcset=\"https:\/\/tuftingeurope.com\/wp-content\/uploads\/2025\/02\/Rug-of-the-week-series-tuftingeurope-7-300x169.jpg 300w, https:\/\/tuftingeurope.com\/wp-content\/uploads\/2025\/02\/Rug-of-the-week-series-tuftingeurope-7-1024x576.jpg 1024w, https:\/\/tuftingeurope.com\/wp-content\/uploads\/2025\/02\/Rug-of-the-week-series-tuftingeurope-7-768x432.jpg 768w, https:\/\/tuftingeurope.com\/wp-content\/uploads\/2025\/02\/Rug-of-the-week-series-tuftingeurope-7-1536x864.jpg 1536w, https:\/\/tuftingeurope.com\/wp-content\/uploads\/2025\/02\/Rug-of-the-week-series-tuftingeurope-7-1000x563.jpg 1000w, https:\/\/tuftingeurope.com\/wp-content\/uploads\/2025\/02\/Rug-of-the-week-series-tuftingeurope-7-80x45.jpg 80w, https:\/\/tuftingeurope.com\/wp-content\/uploads\/2025\/02\/Rug-of-the-week-series-tuftingeurope-7.jpg 1920w\" sizes=\"(max-width: 300px) 100vw, 300px\" title=\"\">\t\t\t\t\t\t\t<\/a>\n  \t\t\t\t\t\t\t  \t\t\t\t\t\t\t  \t\t\t\t\t\t<\/div>\n  \t\t\t\t\t\t  \t\t\t\t\t<\/div>\n          \t\t\t\t\t<div class=\"box-text text-center\" style=\"background-color:rgb(255, 255, 255);\">\n\t\t\t\t\t<div class=\"box-text-inner blog-post-inner\">\n\n\t\t\t\t\t\n\t\t\t\t\t\t\t\t\t\t<h5 class=\"post-title is-large \">\n\t\t\t\t\t\t<a href=\"https:\/\/tuftingeurope.com\/fr\/tapis-de-la-semaine\/kid-kardiacs-tribute-to-kobe-and-the-power-of-preserving-moments\/\" class=\"plain\">L&#8217;hommage de Kid Kardiac \u00e0 Kobe et le pouvoir de pr\u00e9server les moments<\/a>\n\t\t\t\t\t<\/h5>\n\t\t\t\t\t\t\t\t\t\t<div class=\"is-divider\"><\/div>\n\t\t\t\t\t                    \n\t\t\t\t\t\n\t\t\t\t\t\n\t\t\t\t\t<\/div>\n\t\t\t\t\t<\/div>\n\t\t\t\t\t\t\t\t\t<\/div>\n\t\t\t<\/div>\n\t\t<\/div><\/div>\n","protected":false},"excerpt":{"rendered":"<p>L&#8217;artiste tufting mis en avant cette semaine est Charlie Serotoff, un artiste textile de 40 ans bas\u00e9 \u00e0 New York. D\u00e9couvrez l&#8217;Instagram de Charlie @charliethetuna1 et son site web Rugs of Reflection. Durant la journ\u00e9e, Charlie travaille dans le secteur technologique, mais pendant son temps libre, il s&#8217;immerge dans l&#8217;univers de la cr\u00e9ation de tapis,<\/p>\n","protected":false},"author":1,"featured_media":52035,"comment_status":"open","ping_status":"closed","sticky":false,"template":"","format":"standard","meta":{"footnotes":""},"categories":[759],"tags":[],"class_list":["post-53173","post","type-post","status-publish","format-standard","has-post-thumbnail","hentry","category-tapis-de-la-semaine"],"_links":{"self":[{"href":"https:\/\/tuftingeurope.com\/fr\/wp-json\/wp\/v2\/posts\/53173","targetHints":{"allow":["GET"]}}],"collection":[{"href":"https:\/\/tuftingeurope.com\/fr\/wp-json\/wp\/v2\/posts"}],"about":[{"href":"https:\/\/tuftingeurope.com\/fr\/wp-json\/wp\/v2\/types\/post"}],"author":[{"embeddable":true,"href":"https:\/\/tuftingeurope.com\/fr\/wp-json\/wp\/v2\/users\/1"}],"replies":[{"embeddable":true,"href":"https:\/\/tuftingeurope.com\/fr\/wp-json\/wp\/v2\/comments?post=53173"}],"version-history":[{"count":1,"href":"https:\/\/tuftingeurope.com\/fr\/wp-json\/wp\/v2\/posts\/53173\/revisions"}],"predecessor-version":[{"id":53174,"href":"https:\/\/tuftingeurope.com\/fr\/wp-json\/wp\/v2\/posts\/53173\/revisions\/53174"}],"wp:featuredmedia":[{"embeddable":true,"href":"https:\/\/tuftingeurope.com\/fr\/wp-json\/wp\/v2\/media\/52035"}],"wp:attachment":[{"href":"https:\/\/tuftingeurope.com\/fr\/wp-json\/wp\/v2\/media?parent=53173"}],"wp:term":[{"taxonomy":"category","embeddable":true,"href":"https:\/\/tuftingeurope.com\/fr\/wp-json\/wp\/v2\/categories?post=53173"},{"taxonomy":"post_tag","embeddable":true,"href":"https:\/\/tuftingeurope.com\/fr\/wp-json\/wp\/v2\/tags?post=53173"}],"curies":[{"name":"wp","href":"https:\/\/api.w.org\/{rel}","templated":true}]}}